{"id":833,"date":"2025-08-26T11:39:03","date_gmt":"2025-08-26T09:39:03","guid":{"rendered":"https:\/\/www.leptitbain.org\/?p=833"},"modified":"2026-01-27T15:09:27","modified_gmt":"2026-01-27T14:09:27","slug":"habitat-de-la-vienne","status":"publish","type":"post","link":"https:\/\/www.leptitbain.org\/?p=833","title":{"rendered":"Habitat de la Vienne"},"content":{"rendered":"\n<div class=\"wp-block-cover alignwide\" style=\"margin-top:0;margin-bottom:0;padding-top:var(--wp--preset--spacing--50);padding-right:var(--wp--preset--spacing--50);padding-bottom:var(--wp--preset--spacing--50);padding-left:var(--wp--preset--spacing--50);min-height:325px;aspect-ratio:unset;\"><span aria-hidden=\"true\" class=\"wp-block-cover__background has-custom-bleu-background-color has-background-dim-100 has-background-dim\"><\/span><div class=\"wp-block-cover__inner-container is-layout-flow wp-block-cover-is-layout-flow\">\n<div class=\"wp-block-columns is-layout-flex wp-container-core-columns-is-layout-28f84493 wp-block-columns-is-layout-flex\">\n<div class=\"wp-block-column is-layout-flow wp-block-column-is-layout-flow\">\n<figure class=\"wp-block-image size-full\"><img loading=\"lazy\" decoding=\"async\" width=\"279\" height=\"300\" src=\"https:\/\/www.leptitbain.org\/wp-content\/uploads\/2025\/08\/n0riyyal-1.png\" alt=\"\" class=\"wp-image-905\"\/><\/figure>\n<\/div>\n\n\n\n<div class=\"wp-block-column is-vertically-aligned-center is-layout-flow wp-block-column-is-layout-flow\">\n<p class=\"has-text-align-center has-blockme-white-color has-text-color\">Habitat de la Vienne est un bailleur social g\u00e9rant plus de 12&nbsp;000 logements r\u00e9partis sur 200 communes du D\u00e9partement.<\/p>\n\n\n\n<p class=\"has-text-align-center has-blockme-white-color has-text-color\">Il construit, r\u00e9nove et g\u00e8re des logements sociaux ainsi que des structures m\u00e9dico-sociales (EHPAD, r\u00e9sidences seniors, etc.).<\/p>\n<\/div>\n<\/div>\n<\/div><\/div>\n\n\n\n<h3 class=\"wp-block-heading has-text-align-center has-custom-bleu-color has-text-color\">Concernant l&rsquo;immersion<\/h3>\n\n\n\n<hr class=\"wp-block-separator alignwide has-text-color has-custom-bleu-color has-alpha-channel-opacity has-custom-bleu-background-color has-background is-style-wide\"\/>\n\n\n\n<div style=\"height:10px\" aria-hidden=\"true\" class=\"wp-block-spacer\"><\/div>\n\n\n\n<div class=\"wp-block-columns alignwide has-custom-bleu-color has-text-color is-layout-flex wp-container-core-columns-is-layout-28f84493 wp-block-columns-is-layout-flex\">\n<div class=\"wp-block-column is-layout-flow wp-block-column-is-layout-flow\">\n<h4 class=\"wp-block-heading has-text-align-center\">Public accueilli<\/h4>\n\n\n\n<div class=\"wp-block-group is-vertical is-content-justification-center is-layout-flex wp-container-core-group-is-layout-ce155fab wp-block-group-is-layout-flex\">\n<p class=\"has-text-align-center\">Locataires rencontrant des difficult\u00e9s (financi\u00e8res, administratives, entretien du logement \u2026)<\/p>\n<\/div>\n<\/div>\n\n\n\n<div class=\"wp-block-column is-vertically-aligned-top is-layout-flow wp-block-column-is-layout-flow\">\n<h4 class=\"wp-block-heading has-text-align-center\">Capacit\u00e9 d&rsquo;accueil<\/h4>\n\n\n\n<p class=\"has-text-align-center\">(1 personne \/ immersion)<\/p>\n<\/div>\n\n\n\n<div class=\"wp-block-column is-layout-flow wp-block-column-is-layout-flow\">\n<h4 class=\"wp-block-heading has-text-align-center\">Lieu<\/h4>\n\n\n\n<p class=\"has-text-align-center has-custom-bleu-color has-text-color has-link-color wp-elements-740d9143abd3dbbe4498e6b2a61d9d74\">33 rue du Planty 86180 BUXEROLLES<\/p>\n<\/div>\n<\/div>\n\n\n\n<div style=\"height:10px\" aria-hidden=\"true\" class=\"wp-block-spacer\"><\/div>\n\n\n\n<div class=\"wp-block-columns are-vertically-aligned-top has-custom-bleu-color has-text-color is-layout-flex wp-container-core-columns-is-layout-28f84493 wp-block-columns-is-layout-flex\">\n<div class=\"wp-block-column is-vertically-aligned-top is-layout-flow wp-block-column-is-layout-flow\">\n<div class=\"wp-block-group is-vertical is-content-justification-center is-layout-flex wp-container-core-group-is-layout-ce155fab wp-block-group-is-layout-flex\">\n<h4 class=\"wp-block-heading has-text-align-center\">Missions<\/h4>\n\n\n\n<ul class=\"wp-block-list has-custom-bleu-color has-text-color\">\n<li>Accueil par un cadre pour d\u00e9couvrir le service<\/li>\n\n\n\n<li>Pr\u00e9sentation \u00e0 l\u2019\u00e9quipe<\/li>\n\n\n\n<li>&nbsp;Observation des diff\u00e9rents m\u00e9tiers du service relations sociales et contentieux (conseillers sociaux, assistants pr\u00e9contentieux, contentieux)<\/li>\n\n\n\n<li>Visites \u00e0 domicile possible<\/li>\n<\/ul>\n<\/div>\n<\/div>\n\n\n\n<div class=\"wp-block-column is-vertically-aligned-top is-layout-flow wp-block-column-is-layout-flow\">\n<div class=\"wp-block-group is-vertical is-content-justification-center is-layout-flex wp-container-core-group-is-layout-ce155fab wp-block-group-is-layout-flex\">\n<h4 class=\"wp-block-heading has-text-align-center\"><strong>Dates propos\u00e9es<\/strong><\/h4>\n\n\n\n<ul class=\"wp-block-list\">\n<li>Vendredi 20 f\u00e9vrier 2026 de 9h \u00e0 12h30<\/li>\n\n\n\n<li>Lundi 30 mars 2026 de 9h00 \u00e0 12h30<\/li>\n\n\n\n<li>Lundi 20 avril 2026 de 9h00 \u00e0 12h30<\/li>\n<\/ul>\n<\/div>\n<\/div>\n<\/div>\n\n\n\n<div style=\"height:10px\" aria-hidden=\"true\" class=\"wp-block-spacer\"><\/div>\n\n\n\n<div class=\"wp-block-buttons is-content-justification-center is-layout-flex wp-container-core-buttons-is-layout-a89b3969 wp-block-buttons-is-layout-flex\">\n<div class=\"wp-block-button has-custom-width wp-block-button__width-50\"><a class=\"wp-block-button__link has-custom-rouge-background-color has-background wp-element-button\" href=\"https:\/\/docs.google.com\/forms\/d\/e\/1FAIpQLSdIbk2RO0notSXos6RsvtY3jFMq8q2c9ArsKUjhiaVp9XxD4A\/viewform?usp=header\">Plongez dans ce milieu !<\/a><\/div>\n<\/div>\n\n\n\n<div style=\"height:10px\" aria-hidden=\"true\" class=\"wp-block-spacer\"><\/div>\n\n\n\n<div class=\"wp-block-group alignwide has-blockme-white-color has-custom-bleu-background-color has-text-color has-background has-link-color wp-elements-4ce8a8c2facc000ad646945c7096d935 is-vertical is-content-justification-center is-layout-flex wp-container-core-group-is-layout-4cd473e2 wp-block-group-is-layout-flex\" style=\"padding-top:var(--wp--preset--spacing--30);padding-right:var(--wp--preset--spacing--30);padding-bottom:var(--wp--preset--spacing--30);padding-left:var(--wp--preset--spacing--30)\">\n<h4 class=\"wp-block-heading has-blockme-white-color has-text-color\">Contact<\/h4>\n\n\n\n<p class=\"has-blockme-white-color has-text-color has-link-color wp-elements-cfca797166d1960edd6fe334c05cc75c\">m.gelin@habitatdelavienne.fr<\/p>\n\n\n\n<p><a href=\"mailto:contact@habitatdelavienne.fr\" target=\"_blank\" rel=\"noreferrer noopener\">contact@habitatdelavienne.fr<\/a><\/p>\n\n\n\n<p><a href=\"mailto:m.cayrouse@habitatdelavienne.fr\" target=\"_blank\" rel=\"noreferrer noopener\">m.cayrouse@habitatdelavienne.fr<\/a><\/p>\n<\/div>\n","protected":false},"excerpt":{"rendered":"<p>Concernant l&rsquo;immersion Public accueilli Locataires rencontrant des difficult\u00e9s (financi\u00e8res, administratives, entretien du logement \u2026) Capacit\u00e9 d&rsquo;accueil (1 personne \/ immersion) Lieu 33 rue du Planty&#8230;<\/p>\n","protected":false},"author":1,"featured_media":905,"comment_status":"open","ping_status":"open","sticky":false,"template":"","format":"standard","meta":{"footnotes":""},"categories":[1],"tags":[],"class_list":["post-833","post","type-post","status-publish","format-standard","has-post-thumbnail","hentry","category-non-classe"],"_links":{"self":[{"href":"https:\/\/www.leptitbain.org\/index.php?rest_route=\/wp\/v2\/posts\/833","targetHints":{"allow":["GET"]}}],"collection":[{"href":"https:\/\/www.leptitbain.org\/index.php?rest_route=\/wp\/v2\/posts"}],"about":[{"href":"https:\/\/www.leptitbain.org\/index.php?rest_route=\/wp\/v2\/types\/post"}],"author":[{"embeddable":true,"href":"https:\/\/www.leptitbain.org\/index.php?rest_route=\/wp\/v2\/users\/1"}],"replies":[{"embeddable":true,"href":"https:\/\/www.leptitbain.org\/index.php?rest_route=%2Fwp%2Fv2%2Fcomments&post=833"}],"version-history":[{"count":16,"href":"https:\/\/www.leptitbain.org\/index.php?rest_route=\/wp\/v2\/posts\/833\/revisions"}],"predecessor-version":[{"id":978,"href":"https:\/\/www.leptitbain.org\/index.php?rest_route=\/wp\/v2\/posts\/833\/revisions\/978"}],"wp:featuredmedia":[{"embeddable":true,"href":"https:\/\/www.leptitbain.org\/index.php?rest_route=\/wp\/v2\/media\/905"}],"wp:attachment":[{"href":"https:\/\/www.leptitbain.org\/index.php?rest_route=%2Fwp%2Fv2%2Fmedia&parent=833"}],"wp:term":[{"taxonomy":"category","embeddable":true,"href":"https:\/\/www.leptitbain.org\/index.php?rest_route=%2Fwp%2Fv2%2Fcategories&post=833"},{"taxonomy":"post_tag","embeddable":true,"href":"https:\/\/www.leptitbain.org\/index.php?rest_route=%2Fwp%2Fv2%2Ftags&post=833"}],"curies":[{"name":"wp","href":"https:\/\/api.w.org\/{rel}","templated":true}]}}