{"id":733,"date":"2024-09-18T15:25:26","date_gmt":"2024-09-18T13:25:26","guid":{"rendered":"https:\/\/www.leptitbain.org\/?p=733"},"modified":"2026-01-15T17:11:49","modified_gmt":"2026-01-15T16:11:49","slug":"sisa-service-dinsertion-sociale-pour-adulte","status":"publish","type":"post","link":"https:\/\/www.leptitbain.org\/?p=733","title":{"rendered":"SISA (Service d&rsquo;insertion sociale pour adulte)"},"content":{"rendered":"\n<div class=\"wp-block-cover alignwide\" style=\"margin-top:0;margin-bottom:0;padding-top:var(--wp--preset--spacing--50);padding-right:var(--wp--preset--spacing--50);padding-bottom:var(--wp--preset--spacing--50);padding-left:var(--wp--preset--spacing--50);min-height:325px;aspect-ratio:unset;\"><span aria-hidden=\"true\" class=\"wp-block-cover__background has-custom-bleu-background-color has-background-dim-100 has-background-dim\"><\/span><div class=\"wp-block-cover__inner-container is-layout-flow wp-block-cover-is-layout-flow\">\n<div class=\"wp-block-columns is-layout-flex wp-container-core-columns-is-layout-28f84493 wp-block-columns-is-layout-flex\">\n<div class=\"wp-block-column is-layout-flow wp-block-column-is-layout-flow\"><figure class=\"wp-block-post-featured-image\"><img loading=\"lazy\" decoding=\"async\" width=\"2560\" height=\"1741\" src=\"https:\/\/www.leptitbain.org\/wp-content\/uploads\/2024\/09\/Nouveau-projet-1.png\" class=\"attachment-post-thumbnail size-post-thumbnail wp-post-image\" alt=\"Logo ADSEA 86\" style=\"object-fit:cover;\" srcset=\"https:\/\/www.leptitbain.org\/wp-content\/uploads\/2024\/09\/Nouveau-projet-1.png 2560w, https:\/\/www.leptitbain.org\/wp-content\/uploads\/2024\/09\/Nouveau-projet-1-300x204.png 300w, https:\/\/www.leptitbain.org\/wp-content\/uploads\/2024\/09\/Nouveau-projet-1-1024x696.png 1024w, https:\/\/www.leptitbain.org\/wp-content\/uploads\/2024\/09\/Nouveau-projet-1-768x522.png 768w, https:\/\/www.leptitbain.org\/wp-content\/uploads\/2024\/09\/Nouveau-projet-1-1536x1045.png 1536w, https:\/\/www.leptitbain.org\/wp-content\/uploads\/2024\/09\/Nouveau-projet-1-2048x1393.png 2048w\" sizes=\"auto, (max-width: 2560px) 100vw, 2560px\" \/><\/figure><\/div>\n\n\n\n<div class=\"wp-block-column is-vertically-aligned-center is-layout-flow wp-block-column-is-layout-flow\">\n<p>Le SISA est un p\u00f4le de l\u2019ADSEA 86, structure associative, avec un conseil d\u2019administration et un Pr\u00e9sident.<\/p>\n\n\n\n<p>Le service h\u00e9bergement exerce plusieurs types de mesures qui visent \u00e0 favoriser l\u2019inclusion des personnes\/des familles par l\u2019habitat&nbsp;:<\/p>\n\n\n\n<ul class=\"wp-block-list\">\n<li>40 places en CHRS diffus\/Mesures ASLL\/Mesures AVDL<\/li>\n\n\n\n<li>12 appartements en interm\u00e9diation locative<\/li>\n\n\n\n<li>Accueil sp\u00e9cifique de personnes victimes de violences conjugales<\/li>\n\n\n\n<li>Le collectif mobilier<\/li>\n<\/ul>\n<\/div>\n<\/div>\n<\/div><\/div>\n\n\n\n<h3 class=\"wp-block-heading has-text-align-center has-custom-bleu-color has-text-color\">Concernant l&rsquo;immersion<\/h3>\n\n\n\n<hr class=\"wp-block-separator alignwide has-text-color has-custom-bleu-color has-alpha-channel-opacity has-custom-bleu-background-color has-background is-style-wide\"\/>\n\n\n\n<div style=\"height:10px\" aria-hidden=\"true\" class=\"wp-block-spacer\"><\/div>\n\n\n\n<div class=\"wp-block-columns alignwide has-custom-bleu-color has-text-color is-layout-flex wp-container-core-columns-is-layout-28f84493 wp-block-columns-is-layout-flex\">\n<div class=\"wp-block-column is-layout-flow wp-block-column-is-layout-flow\">\n<h4 class=\"wp-block-heading has-text-align-center\">Public accueilli<\/h4>\n\n\n\n<div class=\"wp-block-group is-vertical is-content-justification-center is-layout-flex wp-container-core-group-is-layout-ce155fab wp-block-group-is-layout-flex\">\n<p class=\"has-text-align-center\">&nbsp;Famille, personne seule, d\u00e9pourvues de logement ou en situation pr\u00e9caire par rapport \u00e0 l\u2019habitat.<\/p>\n<\/div>\n<\/div>\n\n\n\n<div class=\"wp-block-column is-vertically-aligned-top is-layout-flow wp-block-column-is-layout-flow\">\n<h4 class=\"wp-block-heading has-text-align-center\">Capacit\u00e9 d&rsquo;accueil<\/h4>\n\n\n\n<p class=\"has-text-align-center\">1 personne \/ immersion<\/p>\n<\/div>\n\n\n\n<div class=\"wp-block-column is-layout-flow wp-block-column-is-layout-flow\">\n<h4 class=\"wp-block-heading has-text-align-center\">Lieu<\/h4>\n\n\n\n<p class=\"has-text-align-center has-custom-bleu-color has-text-color has-link-color wp-elements-e3fbda1a3df27d265e38df5f3d2b4f12\">31, avenue Pierre Abelin \u2013 86100 Ch\u00e2tellerault<\/p>\n<\/div>\n<\/div>\n\n\n\n<div style=\"height:10px\" aria-hidden=\"true\" class=\"wp-block-spacer\"><\/div>\n\n\n\n<div class=\"wp-block-columns are-vertically-aligned-top has-custom-bleu-color has-text-color is-layout-flex wp-container-core-columns-is-layout-28f84493 wp-block-columns-is-layout-flex\">\n<div class=\"wp-block-column is-vertically-aligned-top is-layout-flow wp-block-column-is-layout-flow\">\n<div class=\"wp-block-group is-vertical is-content-justification-center is-layout-flex wp-container-core-group-is-layout-ce155fab wp-block-group-is-layout-flex\">\n<h4 class=\"wp-block-heading has-text-align-center\">Missions<\/h4>\n\n\n\n<ul class=\"wp-block-list has-custom-bleu-color has-text-color\">\n<li>Accueil par un cadre (d\u00e9couvrir le service)<\/li>\n\n\n\n<li>Pr\u00e9sentation \u00e0 l\u2019\u00e9quipe (rencontrer diff\u00e9rents professionnels)<\/li>\n\n\n\n<li>Participation aux entretiens<\/li>\n\n\n\n<li>Visites \u00e0 domiciles et\/ou action collective (participer \u00e0 une ou plusieurs activit\u00e9s) avec un ou des r\u00e9f\u00e9rents \u00e9ducatifs .<br><br><\/li>\n<\/ul>\n<\/div>\n<\/div>\n\n\n\n<div class=\"wp-block-column is-vertically-aligned-top is-layout-flow wp-block-column-is-layout-flow\">\n<div class=\"wp-block-group is-vertical is-content-justification-center is-layout-flex wp-container-core-group-is-layout-ce155fab wp-block-group-is-layout-flex\">\n<h4 class=\"wp-block-heading has-text-align-center\"><strong>Dates propos\u00e9es<\/strong><\/h4>\n\n\n\n<ul class=\"wp-block-list\">\n<li><s>Lundi 26 janvier 2026, de 13h30 \u00e0 17h<\/s><\/li>\n\n\n\n<li>Jeudi 12 mars 2026, de 09h00 \u00e0 12h30<\/li>\n\n\n\n<li><s>Mercredi 22 avril 2026, de 13h30 \u00e0 17h<\/s><\/li>\n\n\n\n<li><s>Jeudi 11 juin 2026, de 09h00 \u00e0 12h30<\/s><\/li>\n<\/ul>\n<\/div>\n<\/div>\n<\/div>\n\n\n\n<div style=\"height:10px\" aria-hidden=\"true\" class=\"wp-block-spacer\"><\/div>\n\n\n\n<div class=\"wp-block-buttons is-content-justification-center is-layout-flex wp-container-core-buttons-is-layout-a89b3969 wp-block-buttons-is-layout-flex\">\n<div class=\"wp-block-button has-custom-width wp-block-button__width-50\"><a class=\"wp-block-button__link has-custom-rouge-background-color has-background wp-element-button\" href=\"https:\/\/docs.google.com\/forms\/d\/e\/1FAIpQLScqXJNaaZ7SKw0r9BqVlsODjEFZ3-OZMhLiUPmUnjlwjts5dQ\/viewform?usp=dialog\">Plongez dans ce milieu !<\/a><\/div>\n<\/div>\n\n\n\n<div style=\"height:10px\" aria-hidden=\"true\" class=\"wp-block-spacer\"><\/div>\n\n\n\n<div class=\"wp-block-group alignwide has-blockme-white-color has-custom-bleu-background-color has-text-color has-background has-link-color wp-elements-bb8f6738fa20a22d7e6310cd63ff7200 is-vertical is-content-justification-center is-layout-flex wp-container-core-group-is-layout-4cd473e2 wp-block-group-is-layout-flex\" style=\"padding-top:var(--wp--preset--spacing--30);padding-right:var(--wp--preset--spacing--30);padding-bottom:var(--wp--preset--spacing--30);padding-left:var(--wp--preset--spacing--30)\">\n<h4 class=\"wp-block-heading has-blockme-white-color has-text-color\">Contact<\/h4>\n\n\n\n<p class=\"has-blockme-white-color has-text-color has-link-color wp-elements-a084dca88402f7016217d671b423c613\"><a href=\"mailto:laetitia.peignelin@adsea86.fr\" target=\"_blank\" rel=\"noreferrer noopener\">elise.thomas@adsea86.fr<\/a><\/p>\n<\/div>\n","protected":false},"excerpt":{"rendered":"<p>Le SISA s&rsquo;articule autour de deux services :<br \/>\n\u2022\tService H\u00e9bergement : CHRS diffus, ASLL, AVDL, IML, ALT, H\u00e9bergement d&rsquo;Urgence &#038; ALT Personnes victimes de Violences Conjugales, Collectif Mobilier.<br \/>\n\u2022\tService Mobilit\u00e9 : Auto-\u00e9cole associative, location solidaire, conseil en mobilit\u00e9, auto-\u00e9cole sociale itin\u00e9rante et une Plateforme d\u00e9partementale \u00e0 la mobilit\u00e9 (Mobi\u2019Vienne).<\/p>\n","protected":false},"author":1,"featured_media":779,"comment_status":"open","ping_status":"open","sticky":false,"template":"","format":"standard","meta":{"footnotes":""},"categories":[1],"tags":[],"class_list":["post-733","post","type-post","status-publish","format-standard","has-post-thumbnail","hentry","category-non-classe"],"_links":{"self":[{"href":"https:\/\/www.leptitbain.org\/index.php?rest_route=\/wp\/v2\/posts\/733","targetHints":{"allow":["GET"]}}],"collection":[{"href":"https:\/\/www.leptitbain.org\/index.php?rest_route=\/wp\/v2\/posts"}],"about":[{"href":"https:\/\/www.leptitbain.org\/index.php?rest_route=\/wp\/v2\/types\/post"}],"author":[{"embeddable":true,"href":"https:\/\/www.leptitbain.org\/index.php?rest_route=\/wp\/v2\/users\/1"}],"replies":[{"embeddable":true,"href":"https:\/\/www.leptitbain.org\/index.php?rest_route=%2Fwp%2Fv2%2Fcomments&post=733"}],"version-history":[{"count":20,"href":"https:\/\/www.leptitbain.org\/index.php?rest_route=\/wp\/v2\/posts\/733\/revisions"}],"predecessor-version":[{"id":971,"href":"https:\/\/www.leptitbain.org\/index.php?rest_route=\/wp\/v2\/posts\/733\/revisions\/971"}],"wp:featuredmedia":[{"embeddable":true,"href":"https:\/\/www.leptitbain.org\/index.php?rest_route=\/wp\/v2\/media\/779"}],"wp:attachment":[{"href":"https:\/\/www.leptitbain.org\/index.php?rest_route=%2Fwp%2Fv2%2Fmedia&parent=733"}],"wp:term":[{"taxonomy":"category","embeddable":true,"href":"https:\/\/www.leptitbain.org\/index.php?rest_route=%2Fwp%2Fv2%2Fcategories&post=733"},{"taxonomy":"post_tag","embeddable":true,"href":"https:\/\/www.leptitbain.org\/index.php?rest_route=%2Fwp%2Fv2%2Ftags&post=733"}],"curies":[{"name":"wp","href":"https:\/\/api.w.org\/{rel}","templated":true}]}}