{"id":727,"date":"2025-03-20T08:45:07","date_gmt":"2025-03-20T07:45:07","guid":{"rendered":"https:\/\/www.leptitbain.org\/?p=727"},"modified":"2026-04-07T14:31:17","modified_gmt":"2026-04-07T12:31:17","slug":"coallia-pension-de-famille-residence-sociale","status":"publish","type":"post","link":"https:\/\/www.leptitbain.org\/?p=727","title":{"rendered":"COALLIA &#8211; Pension de Famille (R\u00e9sidence Sociale)"},"content":{"rendered":"\n<div class=\"wp-block-cover alignwide\" style=\"margin-top:0;margin-bottom:0;padding-top:var(--wp--preset--spacing--50);padding-right:var(--wp--preset--spacing--50);padding-bottom:var(--wp--preset--spacing--50);padding-left:var(--wp--preset--spacing--50);min-height:325px;aspect-ratio:unset;\"><span aria-hidden=\"true\" class=\"wp-block-cover__background has-custom-bleu-background-color has-background-dim-100 has-background-dim\"><\/span><div class=\"wp-block-cover__inner-container is-layout-flow wp-block-cover-is-layout-flow\">\n<div class=\"wp-block-columns is-layout-flex wp-container-core-columns-is-layout-28f84493 wp-block-columns-is-layout-flex\">\n<div class=\"wp-block-column is-layout-flow wp-block-column-is-layout-flow\"><figure class=\"wp-block-post-featured-image\"><img loading=\"lazy\" decoding=\"async\" width=\"216\" height=\"70\" src=\"https:\/\/www.leptitbain.org\/wp-content\/uploads\/2025\/02\/COALLIA.png\" class=\"attachment-post-thumbnail size-post-thumbnail wp-post-image\" alt=\"\" style=\"object-fit:cover;\" \/><\/figure><\/div>\n\n\n\n<div class=\"wp-block-column is-vertically-aligned-center is-layout-flow wp-block-column-is-layout-flow\">\n<p class=\"has-text-align-center has-blockme-white-color has-text-color\">La pension de famille constitue une alternative de logement aux personnes \u00e0 faible niveau de ressources, dans une situation d\u2019isolement ou d\u2019exclusion lourde, r\u00e9alisant des allers-retours fr\u00e9quents entre la rue et les dispositifs d\u2019h\u00e9bergement d\u2019urgence, et dont la situation sociale et psychologique, voire psychiatrique, rend difficile leur acc\u00e8s \u00e0 un logement ordinaire. Les PF accueillent notamment des personnes en fragilit\u00e9, qui sans n\u00e9cessiter un accompagnement social lourd, ne peuvent acc\u00e9der \u00e0 un logement autonome du fait de leur isolement (social et \/ ou psychologique).<\/p>\n<\/div>\n<\/div>\n<\/div><\/div>\n\n\n\n<h3 class=\"wp-block-heading has-text-align-center has-custom-bleu-color has-text-color\">Concernant l&rsquo;immersion<\/h3>\n\n\n\n<hr class=\"wp-block-separator alignwide has-text-color has-custom-bleu-color has-alpha-channel-opacity has-custom-bleu-background-color has-background is-style-wide\"\/>\n\n\n\n<div style=\"height:10px\" aria-hidden=\"true\" class=\"wp-block-spacer\"><\/div>\n\n\n\n<div class=\"wp-block-columns alignwide has-custom-bleu-color has-text-color is-layout-flex wp-container-core-columns-is-layout-28f84493 wp-block-columns-is-layout-flex\">\n<div class=\"wp-block-column is-layout-flow wp-block-column-is-layout-flow\">\n<h4 class=\"wp-block-heading has-text-align-center\">Public accueilli<\/h4>\n\n\n\n<div class=\"wp-block-group is-vertical is-content-justification-center is-layout-flex wp-container-core-group-is-layout-ce155fab wp-block-group-is-layout-flex\">\n<p class=\"has-text-align-center\">Les personnes en situation de pr\u00e9carit\u00e9 isol\u00e9es<\/p>\n<\/div>\n<\/div>\n\n\n\n<div class=\"wp-block-column is-vertically-aligned-top is-layout-flow wp-block-column-is-layout-flow\">\n<h4 class=\"wp-block-heading has-text-align-center\">Capacit\u00e9 d&rsquo;accueil<\/h4>\n\n\n\n<p class=\"has-text-align-center\">(1 personne \/ immersion)<\/p>\n<\/div>\n\n\n\n<div class=\"wp-block-column is-layout-flow wp-block-column-is-layout-flow\">\n<h4 class=\"wp-block-heading has-text-align-center\">Lieu<\/h4>\n\n\n\n<p class=\"has-text-align-center has-custom-bleu-color has-text-color has-link-color wp-elements-7b563c71d4fb85143b03a5f61d2f8259\">15 rue Dieudonn\u00e9 Coste 86000 POITIERS<\/p>\n<\/div>\n<\/div>\n\n\n\n<div style=\"height:10px\" aria-hidden=\"true\" class=\"wp-block-spacer\"><\/div>\n\n\n\n<div class=\"wp-block-columns are-vertically-aligned-top has-custom-bleu-color has-text-color is-layout-flex wp-container-core-columns-is-layout-28f84493 wp-block-columns-is-layout-flex\">\n<div class=\"wp-block-column is-vertically-aligned-top is-layout-flow wp-block-column-is-layout-flow\">\n<div class=\"wp-block-group is-vertical is-content-justification-center is-layout-flex wp-container-core-group-is-layout-ce155fab wp-block-group-is-layout-flex\">\n<h4 class=\"wp-block-heading has-text-align-center\">Missions<\/h4>\n\n\n\n<ul class=\"wp-block-list has-custom-bleu-color has-text-color\">\n<li>Observation des entretiens individuels<\/li>\n\n\n\n<li>Observation de la vie collective de la pension de famille<\/li>\n\n\n\n<li>Visite A Domicile possible sur le R\u00e9sidence Sociale et la Pension de Famille<\/li>\n<\/ul>\n<\/div>\n<\/div>\n\n\n\n<div class=\"wp-block-column is-vertically-aligned-top is-layout-flow wp-block-column-is-layout-flow\">\n<div class=\"wp-block-group is-vertical is-content-justification-center is-layout-flex wp-container-core-group-is-layout-ce155fab wp-block-group-is-layout-flex\">\n<h4 class=\"wp-block-heading has-text-align-center\"><strong>Dates propos\u00e9es<\/strong><\/h4>\n\n\n\n<ul class=\"wp-block-list\">\n<li>Pension de Famille \/ Lundi 25 Mai 2026, 9h-13h et 14h-17h<\/li>\n\n\n\n<li>Pension de Famille \/ Mercredi 27 Mai 2026, 9h-13h et 14h-17h<\/li>\n\n\n\n<li>Pension de Famille \/ Jeudi 28 Mai 2026, 9h-13h et 14h-17h<\/li>\n\n\n\n<li>Pension de Famille \/ Vendredi 29 Mai 2026, 9h-13h et 14h-17h<\/li>\n\n\n\n<li>R\u00e9sidence Sociale \/ Lundi 25 Mai 2026, 9h-13h et 14h-17h<\/li>\n\n\n\n<li>R\u00e9sidence Sociale \/ Jeudi 28 Mai 2026, 9h-13h et 14h-17h<\/li>\n\n\n\n<li>R\u00e9sidence Sociale \/ Vendredi 29 Mai 2026, 9h-13h et 14h-17h<\/li>\n<\/ul>\n<\/div>\n<\/div>\n<\/div>\n\n\n\n<div style=\"height:10px\" aria-hidden=\"true\" class=\"wp-block-spacer\"><\/div>\n\n\n\n<div class=\"wp-block-buttons is-content-justification-center is-layout-flex wp-container-core-buttons-is-layout-a89b3969 wp-block-buttons-is-layout-flex\">\n<div class=\"wp-block-button has-custom-width wp-block-button__width-50\"><a class=\"wp-block-button__link has-custom-rouge-background-color has-background wp-element-button\" href=\"https:\/\/docs.google.com\/forms\/d\/e\/1FAIpQLSe7oWLt7-5P7Li3Acd_vVd-OFHE0iPJIubQ6vnT3VA1n6GyCA\/viewform?usp=header\">Plongez dans ce milieu !<\/a><\/div>\n<\/div>\n\n\n\n<div style=\"height:10px\" aria-hidden=\"true\" class=\"wp-block-spacer\"><\/div>\n\n\n\n<div class=\"wp-block-group alignwide has-blockme-white-color has-custom-bleu-background-color has-text-color has-background has-link-color wp-elements-7a4c6cb6b1ad9e1b18d281a6659badd1 is-vertical is-content-justification-center is-layout-flex wp-container-core-group-is-layout-4cd473e2 wp-block-group-is-layout-flex\" style=\"padding-top:var(--wp--preset--spacing--30);padding-right:var(--wp--preset--spacing--30);padding-bottom:var(--wp--preset--spacing--30);padding-left:var(--wp--preset--spacing--30)\">\n<h4 class=\"wp-block-heading has-blockme-white-color has-text-color\">Contact<\/h4>\n\n\n\n<p class=\"has-blockme-white-color has-text-color has-link-color wp-elements-46a9d6ab0316c6399e775bfcf5f1ddf9\">mathieu.herault@coallia.org<\/p>\n<\/div>\n","protected":false},"excerpt":{"rendered":"<p>Concernant l&rsquo;immersion Public accueilli Les personnes en situation de pr\u00e9carit\u00e9 isol\u00e9es Capacit\u00e9 d&rsquo;accueil (1 personne \/ immersion) Lieu 15 rue Dieudonn\u00e9 Coste 86000 POITIERS Missions&#8230;<\/p>\n","protected":false},"author":1,"featured_media":824,"comment_status":"open","ping_status":"open","sticky":false,"template":"","format":"standard","meta":{"footnotes":""},"categories":[1],"tags":[],"class_list":["post-727","post","type-post","status-publish","format-standard","has-post-thumbnail","hentry","category-non-classe"],"_links":{"self":[{"href":"https:\/\/www.leptitbain.org\/index.php?rest_route=\/wp\/v2\/posts\/727","targetHints":{"allow":["GET"]}}],"collection":[{"href":"https:\/\/www.leptitbain.org\/index.php?rest_route=\/wp\/v2\/posts"}],"about":[{"href":"https:\/\/www.leptitbain.org\/index.php?rest_route=\/wp\/v2\/types\/post"}],"author":[{"embeddable":true,"href":"https:\/\/www.leptitbain.org\/index.php?rest_route=\/wp\/v2\/users\/1"}],"replies":[{"embeddable":true,"href":"https:\/\/www.leptitbain.org\/index.php?rest_route=%2Fwp%2Fv2%2Fcomments&post=727"}],"version-history":[{"count":10,"href":"https:\/\/www.leptitbain.org\/index.php?rest_route=\/wp\/v2\/posts\/727\/revisions"}],"predecessor-version":[{"id":1027,"href":"https:\/\/www.leptitbain.org\/index.php?rest_route=\/wp\/v2\/posts\/727\/revisions\/1027"}],"wp:featuredmedia":[{"embeddable":true,"href":"https:\/\/www.leptitbain.org\/index.php?rest_route=\/wp\/v2\/media\/824"}],"wp:attachment":[{"href":"https:\/\/www.leptitbain.org\/index.php?rest_route=%2Fwp%2Fv2%2Fmedia&parent=727"}],"wp:term":[{"taxonomy":"category","embeddable":true,"href":"https:\/\/www.leptitbain.org\/index.php?rest_route=%2Fwp%2Fv2%2Fcategories&post=727"},{"taxonomy":"post_tag","embeddable":true,"href":"https:\/\/www.leptitbain.org\/index.php?rest_route=%2Fwp%2Fv2%2Ftags&post=727"}],"curies":[{"name":"wp","href":"https:\/\/api.w.org\/{rel}","templated":true}]}}