{"id":685,"date":"2024-09-11T18:23:22","date_gmt":"2024-09-11T16:23:22","guid":{"rendered":"https:\/\/www.leptitbain.org\/?p=685"},"modified":"2026-04-20T10:57:31","modified_gmt":"2026-04-20T08:57:31","slug":"service-hebergement-urgence-vvc","status":"publish","type":"post","link":"https:\/\/www.leptitbain.org\/?p=685","title":{"rendered":"Service H\u00e9bergement Urgence &#8211; VVC"},"content":{"rendered":"\n<div class=\"wp-block-cover alignwide\" style=\"margin-top:0;margin-bottom:0;padding-top:var(--wp--preset--spacing--50);padding-right:var(--wp--preset--spacing--50);padding-bottom:var(--wp--preset--spacing--50);padding-left:var(--wp--preset--spacing--50);min-height:325px;aspect-ratio:unset;\"><span aria-hidden=\"true\" class=\"wp-block-cover__background has-custom-bleu-background-color has-background-dim-100 has-background-dim\"><\/span><div class=\"wp-block-cover__inner-container is-layout-flow wp-block-cover-is-layout-flow\">\n<div class=\"wp-block-columns is-layout-flex wp-container-core-columns-is-layout-28f84493 wp-block-columns-is-layout-flex\">\n<div class=\"wp-block-column is-layout-flow wp-block-column-is-layout-flow\"><figure class=\"wp-block-post-featured-image\"><img loading=\"lazy\" decoding=\"async\" width=\"322\" height=\"96\" src=\"https:\/\/www.leptitbain.org\/wp-content\/uploads\/2024\/09\/CROIX_ROUGE_FRANCAISE_2L_RVB-1-3.jpg\" class=\"attachment-post-thumbnail size-post-thumbnail wp-post-image\" alt=\"\" style=\"object-fit:cover;\" srcset=\"https:\/\/www.leptitbain.org\/wp-content\/uploads\/2024\/09\/CROIX_ROUGE_FRANCAISE_2L_RVB-1-3.jpg 322w, https:\/\/www.leptitbain.org\/wp-content\/uploads\/2024\/09\/CROIX_ROUGE_FRANCAISE_2L_RVB-1-3-300x89.jpg 300w\" sizes=\"auto, (max-width: 322px) 100vw, 322px\" \/><\/figure><\/div>\n\n\n\n<div class=\"wp-block-column is-vertically-aligned-center is-layout-flow wp-block-column-is-layout-flow\">\n<p class=\"has-text-align-center has-blockme-white-color has-text-color has-link-color wp-elements-653605f7eb9b9099dd1c9b5108b9541e\">Le service d\u00e9di\u00e9 aux Victimes de Violences Conjugales&nbsp;est une composante du P\u00f4le H\u00e9bergement\/Logement Adapt\u00e9.&nbsp;Le service d\u2019accueil, d\u2019h\u00e9bergement et d\u2019accompagnement des personnes victimes de violences conjugales est gestionnaire de l&rsquo;accueil de jour d\u00e9partemental, de 4 dispositifs d\u2019h\u00e9bergement d\u2019urgence d\u00e9di\u00e9s et intervient \u00e9galement sur le dispositif h\u00f4telier (tout le&nbsp;d\u00e9partement).&nbsp;<br>Les orientations sont r\u00e9alis\u00e9es par le 115 ou le service lui-m\u00eame (sur d\u00e9l\u00e9gation du SIAO), apr\u00e8s \u00e9valuation de la situation. La&nbsp;mise \u00e0 l\u2019abri est imm\u00e9diate et inconditionnelle. Une \u00e9valuation sociale approfondie est r\u00e9alis\u00e9e dans les 48h pour&nbsp;permettre de d\u00e9finir avec les personnes les premi\u00e8res actions \u00e0 mener.<\/p>\n<\/div>\n<\/div>\n<\/div><\/div>\n\n\n\n<h3 class=\"wp-block-heading has-text-align-center has-custom-bleu-color has-text-color\">Concernant l&rsquo;immersion VVC<\/h3>\n\n\n\n<hr class=\"wp-block-separator alignwide has-text-color has-custom-bleu-color has-alpha-channel-opacity has-custom-bleu-background-color has-background is-style-wide\"\/>\n\n\n\n<div style=\"height:10px\" aria-hidden=\"true\" class=\"wp-block-spacer\"><\/div>\n\n\n\n<div class=\"wp-block-columns alignwide has-custom-bleu-color has-text-color is-layout-flex wp-container-core-columns-is-layout-28f84493 wp-block-columns-is-layout-flex\">\n<div class=\"wp-block-column is-layout-flow wp-block-column-is-layout-flow\">\n<h4 class=\"wp-block-heading has-text-align-center\">Public accueilli<\/h4>\n\n\n\n<div class=\"wp-block-group is-vertical is-content-justification-center is-layout-flex wp-container-core-group-is-layout-ce155fab wp-block-group-is-layout-flex\">\n<p class=\"has-text-align-center has-custom-bleu-color has-text-color has-link-color wp-elements-93c4f9f5a056ed9ceb37290e546b26a9\">Personnes victimes de violences conjugales<\/p>\n<\/div>\n<\/div>\n\n\n\n<div class=\"wp-block-column is-vertically-aligned-top is-layout-flow wp-block-column-is-layout-flow\">\n<h4 class=\"wp-block-heading has-text-align-center\">Capacit\u00e9 d&rsquo;accueil<\/h4>\n\n\n\n<p class=\"has-text-align-center has-custom-bleu-color has-text-color has-link-color wp-elements-71d44f6048530aa570fec9094ea0ac10\">1 personne \/ immersion<\/p>\n<\/div>\n\n\n\n<div class=\"wp-block-column is-layout-flow wp-block-column-is-layout-flow\">\n<h4 class=\"wp-block-heading has-text-align-center\">Lieu<\/h4>\n\n\n\n<p class=\"has-text-align-center has-custom-bleu-color has-text-color has-link-color wp-elements-45eb601b245109a169d2f4c3fe4adda9\">39 Rue de la Chauvinerie, 86000 POITIERS<\/p>\n<\/div>\n<\/div>\n\n\n\n<div style=\"height:10px\" aria-hidden=\"true\" class=\"wp-block-spacer\"><\/div>\n\n\n\n<div class=\"wp-block-columns are-vertically-aligned-top has-custom-bleu-color has-text-color is-layout-flex wp-container-core-columns-is-layout-28f84493 wp-block-columns-is-layout-flex\">\n<div class=\"wp-block-column is-vertically-aligned-top is-layout-flow wp-block-column-is-layout-flow\">\n<div class=\"wp-block-group is-vertical is-content-justification-center is-layout-flex wp-container-core-group-is-layout-ce155fab wp-block-group-is-layout-flex\">\n<h4 class=\"wp-block-heading has-text-align-center\">Missions<\/h4>\n\n\n\n<ul class=\"wp-block-list has-custom-bleu-color has-text-color\">\n<li>Participer aux \u00e9valuations des situations<\/li>\n\n\n\n<li>Participer au temps d\u2019accompagnement individuel (rendez-vous, visite \u00e0 domicile, etc.)<\/li>\n\n\n\n<li>Participer au temps d\u2019accompagnement collectif (cuisine, jeux, discussion autour d\u2019un caf\u00e9, etc.)&nbsp;<\/li>\n<\/ul>\n<\/div>\n<\/div>\n\n\n\n<div class=\"wp-block-column is-vertically-aligned-top is-layout-flow wp-block-column-is-layout-flow\">\n<div class=\"wp-block-group is-vertical is-content-justification-center is-layout-flex wp-container-core-group-is-layout-ce155fab wp-block-group-is-layout-flex\">\n<h4 class=\"wp-block-heading has-text-align-center\"><strong>Dates propos\u00e9es<\/strong><\/h4>\n\n\n\n<ul class=\"wp-block-list has-custom-bleu-color has-text-color has-link-color wp-elements-fae0bf25a32ab46c9772af5b4cf43986\">\n<li>Vendredi 27 f\u00e9vrier 2026, de 09h00-12h30<\/li>\n\n\n\n<li>Vendredi 27 mars 2026, de 09h00-12h30<\/li>\n\n\n\n<li>Vendredi 24 avril 2026, de 09h00-12h30<\/li>\n\n\n\n<li><s>Vendredi 29 mai 2026, de 09h00-12h30<\/s><\/li>\n\n\n\n<li>Vendredi 26 juin 2026, de 09h00-12h30<\/li>\n<\/ul>\n<\/div>\n<\/div>\n<\/div>\n\n\n\n<div style=\"height:50px\" aria-hidden=\"true\" class=\"wp-block-spacer\"><\/div>\n\n\n\n<div class=\"wp-block-buttons is-content-justification-center is-layout-flex wp-container-core-buttons-is-layout-a89b3969 wp-block-buttons-is-layout-flex\">\n<div class=\"wp-block-button has-custom-width wp-block-button__width-50\"><a class=\"wp-block-button__link has-custom-rouge-background-color has-background wp-element-button\" href=\"https:\/\/docs.google.com\/forms\/d\/e\/1FAIpQLScE_MERgb1FMB9C-83vM6vooAhue4qdaNyMXOGheBYT34N-Wg\/viewform?usp=sf_link\">Plongez dans ce milieu !<\/a><\/div>\n<\/div>\n\n\n\n<div style=\"height:10px\" aria-hidden=\"true\" class=\"wp-block-spacer\"><\/div>\n\n\n\n<div class=\"wp-block-group alignwide has-blockme-white-color has-custom-bleu-background-color has-text-color has-background has-link-color wp-elements-610a482180167d178756085ef962539e is-vertical is-content-justification-center is-layout-flex wp-container-core-group-is-layout-4cd473e2 wp-block-group-is-layout-flex\" style=\"padding-top:var(--wp--preset--spacing--30);padding-right:var(--wp--preset--spacing--30);padding-bottom:var(--wp--preset--spacing--30);padding-left:var(--wp--preset--spacing--30)\">\n<h4 class=\"wp-block-heading has-blockme-white-color has-text-color\">Contact<\/h4>\n\n\n\n<p><a href=\"mailto:samuel.adam@croix-rouge.fr\">samuel.adam@croix-rouge.fr<\/a><\/p>\n<\/div>\n\n\n\n<p><\/p>\n","protected":false},"excerpt":{"rendered":"<p>Le service d\u00e9di\u00e9 aux Victimes de Violences Conjugales\u00a0est une composante du P\u00f4le H\u00e9bergement\/Logement Adapt\u00e9.\u00a0Le service d\u2019accueil, d\u2019h\u00e9bergement et d\u2019accompagnement des personnes victimes de violences conjugales est gestionnaire de l&rsquo;accueil de jour d\u00e9partemental, de 4 dispositifs d\u2019h\u00e9bergement d\u2019urgence d\u00e9di\u00e9s et intervient \u00e9galement sur le dispositif h\u00f4telier (tout le\u00a0d\u00e9partement).\u00a0<br \/>\nLes orientations sont r\u00e9alis\u00e9es par le 115 ou le service lui-m\u00eame (sur d\u00e9l\u00e9gation du SIAO), apr\u00e8s \u00e9valuation de la situation. La\u00a0mise \u00e0 l\u2019abri est imm\u00e9diate et inconditionnelle. Une \u00e9valuation sociale approfondie est r\u00e9alis\u00e9e dans les 48h pour\u00a0permettre de d\u00e9finir avec les personnes les premi\u00e8res actions \u00e0 mener.<\/p>\n","protected":false},"author":1,"featured_media":801,"comment_status":"open","ping_status":"open","sticky":false,"template":"","format":"standard","meta":{"footnotes":""},"categories":[1],"tags":[],"class_list":["post-685","post","type-post","status-publish","format-standard","has-post-thumbnail","hentry","category-non-classe"],"_links":{"self":[{"href":"https:\/\/www.leptitbain.org\/index.php?rest_route=\/wp\/v2\/posts\/685","targetHints":{"allow":["GET"]}}],"collection":[{"href":"https:\/\/www.leptitbain.org\/index.php?rest_route=\/wp\/v2\/posts"}],"about":[{"href":"https:\/\/www.leptitbain.org\/index.php?rest_route=\/wp\/v2\/types\/post"}],"author":[{"embeddable":true,"href":"https:\/\/www.leptitbain.org\/index.php?rest_route=\/wp\/v2\/users\/1"}],"replies":[{"embeddable":true,"href":"https:\/\/www.leptitbain.org\/index.php?rest_route=%2Fwp%2Fv2%2Fcomments&post=685"}],"version-history":[{"count":21,"href":"https:\/\/www.leptitbain.org\/index.php?rest_route=\/wp\/v2\/posts\/685\/revisions"}],"predecessor-version":[{"id":1042,"href":"https:\/\/www.leptitbain.org\/index.php?rest_route=\/wp\/v2\/posts\/685\/revisions\/1042"}],"wp:featuredmedia":[{"embeddable":true,"href":"https:\/\/www.leptitbain.org\/index.php?rest_route=\/wp\/v2\/media\/801"}],"wp:attachment":[{"href":"https:\/\/www.leptitbain.org\/index.php?rest_route=%2Fwp%2Fv2%2Fmedia&parent=685"}],"wp:term":[{"taxonomy":"category","embeddable":true,"href":"https:\/\/www.leptitbain.org\/index.php?rest_route=%2Fwp%2Fv2%2Fcategories&post=685"},{"taxonomy":"post_tag","embeddable":true,"href":"https:\/\/www.leptitbain.org\/index.php?rest_route=%2Fwp%2Fv2%2Ftags&post=685"}],"curies":[{"name":"wp","href":"https:\/\/api.w.org\/{rel}","templated":true}]}}