{"id":679,"date":"2024-09-11T18:11:12","date_gmt":"2024-09-11T16:11:12","guid":{"rendered":"https:\/\/www.leptitbain.org\/?p=679"},"modified":"2025-12-18T17:25:29","modified_gmt":"2025-12-18T16:25:29","slug":"service-hebergement-urgence-insertion-stab","status":"publish","type":"post","link":"https:\/\/www.leptitbain.org\/?p=679","title":{"rendered":"Service H\u00e9bergement Urgence Insertion &#8211; STAB DHU"},"content":{"rendered":"\n<div class=\"wp-block-cover alignwide\" style=\"margin-top:0;margin-bottom:0;padding-top:var(--wp--preset--spacing--50);padding-right:var(--wp--preset--spacing--50);padding-bottom:var(--wp--preset--spacing--50);padding-left:var(--wp--preset--spacing--50);min-height:325px;aspect-ratio:unset;\"><span aria-hidden=\"true\" class=\"wp-block-cover__background has-custom-bleu-background-color has-background-dim-100 has-background-dim\"><\/span><div class=\"wp-block-cover__inner-container is-layout-flow wp-block-cover-is-layout-flow\">\n<div class=\"wp-block-columns is-layout-flex wp-container-core-columns-is-layout-28f84493 wp-block-columns-is-layout-flex\">\n<div class=\"wp-block-column is-layout-flow wp-block-column-is-layout-flow\"><figure class=\"wp-block-post-featured-image\"><img loading=\"lazy\" decoding=\"async\" width=\"322\" height=\"96\" src=\"https:\/\/www.leptitbain.org\/wp-content\/uploads\/2024\/09\/CROIX_ROUGE_FRANCAISE_2L_RVB-1.jpg\" class=\"attachment-post-thumbnail size-post-thumbnail wp-post-image\" alt=\"\" style=\"object-fit:cover;\" srcset=\"https:\/\/www.leptitbain.org\/wp-content\/uploads\/2024\/09\/CROIX_ROUGE_FRANCAISE_2L_RVB-1.jpg 322w, https:\/\/www.leptitbain.org\/wp-content\/uploads\/2024\/09\/CROIX_ROUGE_FRANCAISE_2L_RVB-1-300x89.jpg 300w\" sizes=\"auto, (max-width: 322px) 100vw, 322px\" \/><\/figure><\/div>\n\n\n\n<div class=\"wp-block-column is-vertically-aligned-center is-layout-flow wp-block-column-is-layout-flow\">\n<p class=\"has-text-align-center has-blockme-white-color has-text-color has-link-color wp-elements-510e1430229237beaf104aff4bea3fce\">Le P\u00f4le H\u00e9bergement\/Logement Adapt\u00e9 est compos\u00e9 de trois dispositifs : l\u2019h\u00e9bergement d\u2019urgence (g\u00e9n\u00e9ralistes et sp\u00e9cialis\u00e9s), l\u2019h\u00e9bergement d\u2019insertion et le logement adapt\u00e9.<\/p>\n\n\n\n<p class=\"has-text-align-center has-blockme-white-color has-text-color has-link-color wp-elements-5f1f39c957e5f5737cb016d2040afa8f\">Son action r\u00e9pond \u00e0 une volont\u00e9 affirm\u00e9e d\u2019apporter des offres de service diff\u00e9renci\u00e9es et adapt\u00e9es aux probl\u00e9matiques des personnes et des territoires, mais aussi d\u2019assurer une continuit\u00e9 de parcours des personnes accueillies.<\/p>\n<\/div>\n<\/div>\n<\/div><\/div>\n\n\n\n<h3 class=\"wp-block-heading has-text-align-center has-custom-bleu-color has-text-color\" style=\"margin-top:var(--wp--preset--spacing--50);margin-bottom:var(--wp--preset--spacing--50)\">Concernant l&rsquo;immersion STAB<\/h3>\n\n\n\n<hr class=\"wp-block-separator alignwide has-text-color has-custom-bleu-color has-alpha-channel-opacity has-custom-bleu-background-color has-background is-style-wide\" style=\"margin-top:0;margin-bottom:0\"\/>\n\n\n\n<div style=\"height:10px\" aria-hidden=\"true\" class=\"wp-block-spacer\"><\/div>\n\n\n\n<div class=\"wp-block-columns alignwide has-custom-bleu-color has-text-color is-layout-flex wp-container-core-columns-is-layout-28f84493 wp-block-columns-is-layout-flex\">\n<div class=\"wp-block-column is-layout-flow wp-block-column-is-layout-flow\">\n<h4 class=\"wp-block-heading has-text-align-center\">Public accueilli<\/h4>\n\n\n\n<div class=\"wp-block-group is-vertical is-content-justification-center is-layout-flex wp-container-core-group-is-layout-ce155fab wp-block-group-is-layout-flex\">\n<p class=\"has-text-align-center has-custom-bleu-color has-text-color has-link-color wp-elements-d3d2deaaaafd344d243a3259ef66a964\">Personne en situation d&rsquo;exclusion, Les personnes sans solution d&rsquo;h\u00e9bergement et de logement<\/p>\n<\/div>\n<\/div>\n\n\n\n<div class=\"wp-block-column is-vertically-aligned-top is-layout-flow wp-block-column-is-layout-flow\">\n<h4 class=\"wp-block-heading has-text-align-center\">Capacit\u00e9 d&rsquo;accueil<\/h4>\n\n\n\n<p class=\"has-text-align-center has-custom-bleu-color has-text-color has-link-color wp-elements-71d44f6048530aa570fec9094ea0ac10\">1 personne \/ immersion<\/p>\n<\/div>\n\n\n\n<div class=\"wp-block-column is-layout-flow wp-block-column-is-layout-flow\">\n<h4 class=\"wp-block-heading has-text-align-center\">Lieu<\/h4>\n\n\n\n<p class=\"has-text-align-center has-custom-bleu-color has-text-color has-link-color wp-elements-45eb601b245109a169d2f4c3fe4adda9\">39 Rue de la Chauvinerie, 86000 POITIERS<\/p>\n<\/div>\n<\/div>\n\n\n\n<div style=\"height:10px\" aria-hidden=\"true\" class=\"wp-block-spacer\"><\/div>\n\n\n\n<div class=\"wp-block-columns are-vertically-aligned-top has-custom-bleu-color has-text-color is-layout-flex wp-container-core-columns-is-layout-28f84493 wp-block-columns-is-layout-flex\">\n<div class=\"wp-block-column is-vertically-aligned-top is-layout-flow wp-block-column-is-layout-flow\">\n<div class=\"wp-block-group is-vertical is-content-justification-center is-layout-flex wp-container-core-group-is-layout-ce155fab wp-block-group-is-layout-flex\">\n<h4 class=\"wp-block-heading has-text-align-center\">Missions<\/h4>\n\n\n\n<ul class=\"wp-block-list has-custom-bleu-color has-text-color\">\n<li>R\u00e9aliser des visites \u00e0 domicile ou des entretiens pour aider la personne \u00e0 d\u00e9finir et \u00e0 mettre en \u0153uvre son projet.<\/li>\n\n\n\n<li>Assurer la gestion de l&rsquo;h\u00e9bergement<\/li>\n\n\n\n<li>Apporter&nbsp;un soutien psychique et technique si besoin<\/li>\n\n\n\n<li>Participer au temps d&rsquo;accompagnement collectif (cuisine, jeux, discussion autour d&rsquo;un caf\u00e9, etc.)&nbsp;<\/li>\n\n\n\n<li>Participer au temps d&rsquo;accompagnement individuel (rendez-vous, visite \u00e0 domicile, etc.)<\/li>\n<\/ul>\n<\/div>\n<\/div>\n\n\n\n<div class=\"wp-block-column is-vertically-aligned-top is-layout-flow wp-block-column-is-layout-flow\">\n<div class=\"wp-block-group is-vertical is-content-justification-center is-layout-flex wp-container-core-group-is-layout-ce155fab wp-block-group-is-layout-flex\">\n<h4 class=\"wp-block-heading has-text-align-center\"><strong>Dates propos\u00e9es<\/strong><\/h4>\n\n\n\n<p>Il faut choisir 2 dates d&rsquo;immersions, 1 mardi et 1 jeudi afin de vous pr\u00e9senter au mieux l&rsquo;activit\u00e9.<\/p>\n\n\n\n<ul class=\"wp-block-list has-custom-bleu-color has-text-color has-link-color wp-elements-faf0f1dcad95f5fceffa939342607175\">\n<li>Jeudi 16 Octobre 2025, de 14h00 \u00e0 17h30<\/li>\n\n\n\n<li>Mardi 28 Octobre 2025, de 9h30 \u00e0 14h00 (Atelier Cuisine)<\/li>\n\n\n\n<li>Mardi 11 Novembre 2025, de 9h30 \u00e0 14h00 (Atelier Manucure)<\/li>\n\n\n\n<li>Jeudi 20 Novembre 2025, de 14h00 \u00e0 17h30<\/li>\n\n\n\n<li>Mardi 25 Novembre 2025, de 9h30 \u00e0 14h00 (Atelier cuisine)<\/li>\n\n\n\n<li>Jeudi 18 D\u00e9cembre 2025, de 14h00 \u00e0 17h30<\/li>\n\n\n\n<li>Mercredi 24 D\u00e9cembre 2025, de 9h30 \u00e0 14h00 (Atelier Cuisine repas de No\u00ebl)<\/li>\n<\/ul>\n<\/div>\n<\/div>\n<\/div>\n\n\n\n<div style=\"height:50px\" aria-hidden=\"true\" class=\"wp-block-spacer\"><\/div>\n\n\n\n<div class=\"wp-block-buttons is-content-justification-center is-layout-flex wp-container-core-buttons-is-layout-a89b3969 wp-block-buttons-is-layout-flex\">\n<div class=\"wp-block-button has-custom-width wp-block-button__width-50\"><a class=\"wp-block-button__link has-custom-rouge-background-color has-background wp-element-button\" href=\"https:\/\/docs.google.com\/forms\/d\/e\/1FAIpQLSeovhW1Ngr-GraAMClz3IeoseRPZHLbzrHLIdMoA858s11qKQ\/viewform?usp=sf_link\">Plongez dans ce milieu !<\/a><\/div>\n<\/div>\n\n\n\n<div style=\"height:10px\" aria-hidden=\"true\" class=\"wp-block-spacer\"><\/div>\n\n\n\n<div class=\"wp-block-group alignwide has-blockme-white-color has-custom-bleu-background-color has-text-color has-background has-link-color wp-elements-3c71ed2bee570549f0ea6ce16515da59 is-vertical is-content-justification-center is-layout-flex wp-container-core-group-is-layout-4cd473e2 wp-block-group-is-layout-flex\" style=\"padding-top:var(--wp--preset--spacing--30);padding-right:var(--wp--preset--spacing--30);padding-bottom:var(--wp--preset--spacing--30);padding-left:var(--wp--preset--spacing--30)\">\n<h4 class=\"wp-block-heading has-blockme-white-color has-text-color\">Contact<\/h4>\n\n\n\n<p><a href=\"mailto:emmanuel.gervais@croix-rouge.fr\" data-type=\"link\" data-id=\"emmanuel.gervais@croix-rouge.fr\" target=\"_blank\" rel=\"noreferrer noopener\">djamila.serpault@croix-rouge.fr<\/a><\/p>\n<\/div>\n\n\n\n<p><\/p>\n","protected":false},"excerpt":{"rendered":"<p>Le P\u00f4le H\u00e9bergement\/Logement Adapt\u00e9 est compos\u00e9 de trois dispositifs : l\u2019h\u00e9bergement d\u2019urgence (g\u00e9n\u00e9ralistes et sp\u00e9cialis\u00e9s), l\u2019h\u00e9bergement d\u2019insertion et le logement adapt\u00e9.<\/p>\n<p>Son action r\u00e9pond \u00e0 une volont\u00e9 affirm\u00e9e d\u2019apporter des offres de service diff\u00e9renci\u00e9es et adapt\u00e9es aux probl\u00e9matiques des personnes et des territoires, mais aussi d\u2019assurer une continuit\u00e9 de parcours des personnes accueillies.<\/p>\n","protected":false},"author":1,"featured_media":798,"comment_status":"open","ping_status":"open","sticky":false,"template":"","format":"standard","meta":{"footnotes":""},"categories":[1],"tags":[],"class_list":["post-679","post","type-post","status-publish","format-standard","has-post-thumbnail","hentry","category-non-classe"],"_links":{"self":[{"href":"https:\/\/www.leptitbain.org\/index.php?rest_route=\/wp\/v2\/posts\/679","targetHints":{"allow":["GET"]}}],"collection":[{"href":"https:\/\/www.leptitbain.org\/index.php?rest_route=\/wp\/v2\/posts"}],"about":[{"href":"https:\/\/www.leptitbain.org\/index.php?rest_route=\/wp\/v2\/types\/post"}],"author":[{"embeddable":true,"href":"https:\/\/www.leptitbain.org\/index.php?rest_route=\/wp\/v2\/users\/1"}],"replies":[{"embeddable":true,"href":"https:\/\/www.leptitbain.org\/index.php?rest_route=%2Fwp%2Fv2%2Fcomments&post=679"}],"version-history":[{"count":12,"href":"https:\/\/www.leptitbain.org\/index.php?rest_route=\/wp\/v2\/posts\/679\/revisions"}],"predecessor-version":[{"id":947,"href":"https:\/\/www.leptitbain.org\/index.php?rest_route=\/wp\/v2\/posts\/679\/revisions\/947"}],"wp:featuredmedia":[{"embeddable":true,"href":"https:\/\/www.leptitbain.org\/index.php?rest_route=\/wp\/v2\/media\/798"}],"wp:attachment":[{"href":"https:\/\/www.leptitbain.org\/index.php?rest_route=%2Fwp%2Fv2%2Fmedia&parent=679"}],"wp:term":[{"taxonomy":"category","embeddable":true,"href":"https:\/\/www.leptitbain.org\/index.php?rest_route=%2Fwp%2Fv2%2Fcategories&post=679"},{"taxonomy":"post_tag","embeddable":true,"href":"https:\/\/www.leptitbain.org\/index.php?rest_route=%2Fwp%2Fv2%2Ftags&post=679"}],"curies":[{"name":"wp","href":"https:\/\/api.w.org\/{rel}","templated":true}]}}