{"id":160,"date":"2023-02-28T16:26:11","date_gmt":"2023-02-28T15:26:11","guid":{"rendered":"http:\/\/leptitbain.org\/?p=160"},"modified":"2026-03-13T14:17:41","modified_gmt":"2026-03-13T13:17:41","slug":"la-croix-rouge-francaise","status":"publish","type":"post","link":"https:\/\/www.leptitbain.org\/?p=160","title":{"rendered":"Le Centre d&rsquo;H\u00e9bergement d&rsquo;Urgence Sociale"},"content":{"rendered":"\n<div class=\"wp-block-cover alignwide\" style=\"padding-top:var(--wp--preset--spacing--50);padding-right:var(--wp--preset--spacing--50);padding-bottom:var(--wp--preset--spacing--50);padding-left:var(--wp--preset--spacing--50);min-height:382px;aspect-ratio:unset;\"><span aria-hidden=\"true\" class=\"wp-block-cover__background has-background-dim-100 has-background-dim\" style=\"background-color:#2652a1\"><\/span><div class=\"wp-block-cover__inner-container is-layout-flow wp-block-cover-is-layout-flow\">\n<div class=\"wp-block-columns is-layout-flex wp-container-core-columns-is-layout-28f84493 wp-block-columns-is-layout-flex\">\n<div class=\"wp-block-column is-layout-flow wp-block-column-is-layout-flow\"><figure class=\"wp-block-post-featured-image\"><img loading=\"lazy\" decoding=\"async\" width=\"322\" height=\"96\" src=\"https:\/\/www.leptitbain.org\/wp-content\/uploads\/2023\/02\/CROIX_ROUGE_FRANCAISE_2L_RVB-1-2.jpg\" class=\"attachment-post-thumbnail size-post-thumbnail wp-post-image\" alt=\"\" style=\"object-fit:cover;\" srcset=\"https:\/\/www.leptitbain.org\/wp-content\/uploads\/2023\/02\/CROIX_ROUGE_FRANCAISE_2L_RVB-1-2.jpg 322w, https:\/\/www.leptitbain.org\/wp-content\/uploads\/2023\/02\/CROIX_ROUGE_FRANCAISE_2L_RVB-1-2-300x89.jpg 300w\" sizes=\"auto, (max-width: 322px) 100vw, 322px\" \/><\/figure><\/div>\n\n\n\n<div class=\"wp-block-column is-vertically-aligned-center is-layout-flow wp-block-column-is-layout-flow\">\n<p class=\"has-text-align-center has-blockme-white-color has-text-color\">Le Centre d\u2019H\u00e9bergement d\u2019Urgence Sociale\u00a0est une composante du P\u00f4le H\u00e9bergement\/Logement Adapt\u00e9. Il propose une mise \u00e0 l\u2019abri et un accueil inconditionnel aux personnes, de toutes compositions familiales, priv\u00e9es d\u2019un h\u00e9bergement ou en faisant la demande. Le centre peut aujourd\u2019hui accueillir 55 personnes et poss\u00e8de une \u00e9quipe de 11 personnes. Le CHUS propose \u00e9galement un petit d\u00e9jeuner aux h\u00e9berg\u00e9s et un d\u00eener en fonction des stocks disponible.<\/p>\n<\/div>\n<\/div>\n<\/div><\/div>\n\n\n\n<h3 class=\"wp-block-heading has-text-align-center has-custom-bleu-color has-text-color\">Concernant l&rsquo;immersion<\/h3>\n\n\n\n<hr class=\"wp-block-separator alignwide has-text-color has-alpha-channel-opacity has-background is-style-wide\" style=\"background-color:#2652a1;color:#2652a1\"\/>\n\n\n\n<div style=\"height:10px\" aria-hidden=\"true\" class=\"wp-block-spacer\"><\/div>\n\n\n\n<div class=\"wp-block-columns alignwide has-custom-bleu-color has-text-color is-layout-flex wp-container-core-columns-is-layout-28f84493 wp-block-columns-is-layout-flex\">\n<div class=\"wp-block-column is-vertically-aligned-center is-layout-flow wp-block-column-is-layout-flow\">\n<div class=\"wp-block-group is-vertical is-content-justification-center is-layout-flex wp-container-core-group-is-layout-ce155fab wp-block-group-is-layout-flex\">\n<h4 class=\"wp-block-heading has-text-align-center\">Public accueilli<\/h4>\n\n\n\n<p class=\"has-text-align-center\">Les personnes sans-abris, en situation d&rsquo;urgence.<\/p>\n<\/div>\n<\/div>\n\n\n\n<div class=\"wp-block-column is-vertically-aligned-center is-layout-flow wp-block-column-is-layout-flow\">\n<div class=\"wp-block-group is-vertical is-content-justification-center is-layout-flex wp-container-core-group-is-layout-ce155fab wp-block-group-is-layout-flex\">\n<h4 class=\"wp-block-heading has-text-align-center\">Capacit\u00e9 d&rsquo;accueil<\/h4>\n\n\n\n<p>3 personnes \/ immersion<\/p>\n<\/div>\n<\/div>\n\n\n\n<div class=\"wp-block-column is-vertically-aligned-center is-layout-flow wp-block-column-is-layout-flow\">\n<div class=\"wp-block-group is-vertical is-content-justification-center is-layout-flex wp-container-core-group-is-layout-ce155fab wp-block-group-is-layout-flex\">\n<h4 class=\"wp-block-heading\">Lieu<\/h4>\n\n\n\n<p>64 avenue de l\u2019Europe, 86000 POITIERS<\/p>\n<\/div>\n<\/div>\n<\/div>\n\n\n\n<div style=\"height:10px\" aria-hidden=\"true\" class=\"wp-block-spacer\"><\/div>\n\n\n\n<div class=\"wp-block-columns are-vertically-aligned-top has-custom-bleu-color has-text-color is-layout-flex wp-container-core-columns-is-layout-28f84493 wp-block-columns-is-layout-flex\">\n<div class=\"wp-block-column is-vertically-aligned-top is-layout-flow wp-block-column-is-layout-flow\">\n<div class=\"wp-block-group is-vertical is-content-justification-center is-layout-flex wp-container-core-group-is-layout-ce155fab wp-block-group-is-layout-flex\">\n<h4 class=\"wp-block-heading\">Missions<\/h4>\n\n\n\n<ul class=\"wp-block-list has-custom-bleu-color has-text-color\">\n<li>Pr\u00e9paration du centre avant l&rsquo;ouverture<\/li>\n\n\n\n<li>Accueil et orientation des personnes vers leur chambre<\/li>\n\n\n\n<li>Maintien du lien social<\/li>\n\n\n\n<li>Contribution au service du repas le soir<\/li>\n<\/ul>\n<\/div>\n<\/div>\n\n\n\n<div class=\"wp-block-column is-vertically-aligned-top is-layout-flow wp-block-column-is-layout-flow\">\n<div class=\"wp-block-group is-vertical is-content-justification-center is-layout-flex wp-container-core-group-is-layout-ce155fab wp-block-group-is-layout-flex\">\n<h4 class=\"wp-block-heading has-text-align-center\">Dates propos\u00e9es<\/h4>\n\n\n\n<ul class=\"wp-block-list has-custom-bleu-color has-text-color\">\n<li>Lundi 08 Septembre 2025, de 14H \u00e0 19H<\/li>\n\n\n\n<li>Jeudi  18 Septembre 2025, de 14H \u00e0 19H<\/li>\n\n\n\n<li>Lundi  29 Septembre 2025, de 14H \u00e0 19H<\/li>\n\n\n\n<li>Lundi 13 Octobre 2025, de 14H \u00e0 19H<\/li>\n\n\n\n<li>Jeudi 23 Octobre 2025, de 14H \u00e0 19H<\/li>\n\n\n\n<li>J<s>eudi 30 Octobre 2025, de 14H \u00e0 19H<\/s><\/li>\n\n\n\n<li>Lundi 10 Novembre 2025, de 14H \u00e0 19H<\/li>\n\n\n\n<li>Lundi 24 Novembre 2025, de 14H \u00e0 19H<\/li>\n\n\n\n<li>Lundi 15 D\u00e9cembre 2025, de 14H \u00e0 19H<\/li>\n\n\n\n<li>Lundi 29 D\u00e9cembre 2025, de 14H \u00e0 19H<\/li>\n<\/ul>\n<\/div>\n<\/div>\n<\/div>\n\n\n\n<div style=\"height:10px\" aria-hidden=\"true\" class=\"wp-block-spacer\"><\/div>\n\n\n\n<div class=\"wp-block-buttons is-content-justification-center is-layout-flex wp-container-core-buttons-is-layout-a89b3969 wp-block-buttons-is-layout-flex\">\n<div class=\"wp-block-button has-custom-width wp-block-button__width-50\"><a class=\"wp-block-button__link has-custom-rouge-background-color has-background wp-element-button\" href=\"https:\/\/forms.gle\/GN3VRnrKQwAXo7oNA\" target=\"_blank\" rel=\"noreferrer noopener\">Plongez dans ce milieu !<\/a><\/div>\n<\/div>\n\n\n\n<div style=\"height:10px\" aria-hidden=\"true\" class=\"wp-block-spacer\"><\/div>\n\n\n\n<div class=\"wp-block-group alignwide has-blockme-white-color has-custom-bleu-background-color has-text-color has-background has-link-color wp-elements-dab7d6f2016c3735d6137f13f04980a7 is-vertical is-content-justification-center is-layout-flex wp-container-core-group-is-layout-69d645f5 wp-block-group-is-layout-flex\" style=\"padding-top:var(--wp--preset--spacing--30);padding-right:var(--wp--preset--spacing--30);padding-bottom:var(--wp--preset--spacing--30);padding-left:var(--wp--preset--spacing--30)\">\n<h4 class=\"wp-block-heading has-blockme-white-color has-text-color\">Contact<\/h4>\n\n\n\n<p><a rel=\"noreferrer noopener\" href=\"mailto:cherif.bassene@croix-rouge.fr\" target=\"_blank\">cherif.bassene@croix-rouge.fr<\/a><\/p>\n<\/div>\n","protected":false},"excerpt":{"rendered":"<p>Le Centre d\u2019H\u00e9bergement d\u2019Urgence Sociale\u00a0est une composante du P\u00f4le H\u00e9bergement\/Logement Adapt\u00e9. Il propose une mise \u00e0 l\u2019abri et un accueil inconditionnel aux personnes, de toutes compositions familiales, priv\u00e9es d\u2019un h\u00e9bergement ou en faisant la demande. Le centre peut aujourd\u2019hui accueillir 49 personnes et poss\u00e8de une \u00e9quipe de 11 personnes. Le CHUS propose \u00e9galement un petit d\u00e9jeuner aux h\u00e9berg\u00e9s et un d\u00eener en fonction des stocks disponible.<\/p>\n","protected":false},"author":1,"featured_media":797,"comment_status":"closed","ping_status":"open","sticky":false,"template":"","format":"standard","meta":{"footnotes":""},"categories":[1],"tags":[],"class_list":["post-160","post","type-post","status-publish","format-standard","has-post-thumbnail","hentry","category-non-classe"],"_links":{"self":[{"href":"https:\/\/www.leptitbain.org\/index.php?rest_route=\/wp\/v2\/posts\/160","targetHints":{"allow":["GET"]}}],"collection":[{"href":"https:\/\/www.leptitbain.org\/index.php?rest_route=\/wp\/v2\/posts"}],"about":[{"href":"https:\/\/www.leptitbain.org\/index.php?rest_route=\/wp\/v2\/types\/post"}],"author":[{"embeddable":true,"href":"https:\/\/www.leptitbain.org\/index.php?rest_route=\/wp\/v2\/users\/1"}],"replies":[{"embeddable":true,"href":"https:\/\/www.leptitbain.org\/index.php?rest_route=%2Fwp%2Fv2%2Fcomments&post=160"}],"version-history":[{"count":39,"href":"https:\/\/www.leptitbain.org\/index.php?rest_route=\/wp\/v2\/posts\/160\/revisions"}],"predecessor-version":[{"id":1014,"href":"https:\/\/www.leptitbain.org\/index.php?rest_route=\/wp\/v2\/posts\/160\/revisions\/1014"}],"wp:featuredmedia":[{"embeddable":true,"href":"https:\/\/www.leptitbain.org\/index.php?rest_route=\/wp\/v2\/media\/797"}],"wp:attachment":[{"href":"https:\/\/www.leptitbain.org\/index.php?rest_route=%2Fwp%2Fv2%2Fmedia&parent=160"}],"wp:term":[{"taxonomy":"category","embeddable":true,"href":"https:\/\/www.leptitbain.org\/index.php?rest_route=%2Fwp%2Fv2%2Fcategories&post=160"},{"taxonomy":"post_tag","embeddable":true,"href":"https:\/\/www.leptitbain.org\/index.php?rest_route=%2Fwp%2Fv2%2Ftags&post=160"}],"curies":[{"name":"wp","href":"https:\/\/api.w.org\/{rel}","templated":true}]}}