{"id":1001,"date":"2026-03-13T11:42:40","date_gmt":"2026-03-13T10:42:40","guid":{"rendered":"https:\/\/www.leptitbain.org\/?p=1001"},"modified":"2026-04-24T15:28:04","modified_gmt":"2026-04-24T13:28:04","slug":"le-centre-dhebergement-durgence-sociale","status":"publish","type":"post","link":"https:\/\/www.leptitbain.org\/?p=1001","title":{"rendered":"AIDES"},"content":{"rendered":"\n<div class=\"wp-block-cover alignwide\" style=\"padding-top:var(--wp--preset--spacing--50);padding-right:var(--wp--preset--spacing--50);padding-bottom:var(--wp--preset--spacing--50);padding-left:var(--wp--preset--spacing--50);min-height:382px;aspect-ratio:unset;\"><span aria-hidden=\"true\" class=\"wp-block-cover__background has-background-dim-100 has-background-dim\" style=\"background-color:#2652a1\"><\/span><div class=\"wp-block-cover__inner-container is-layout-flow wp-block-cover-is-layout-flow\">\n<div class=\"wp-block-columns is-layout-flex wp-container-core-columns-is-layout-28f84493 wp-block-columns-is-layout-flex\">\n<div class=\"wp-block-column is-layout-flow wp-block-column-is-layout-flow\"><figure class=\"wp-block-post-featured-image\"><img loading=\"lazy\" decoding=\"async\" width=\"1920\" height=\"925\" src=\"https:\/\/www.leptitbain.org\/wp-content\/uploads\/2026\/02\/AIDES.png\" class=\"attachment-post-thumbnail size-post-thumbnail wp-post-image\" alt=\"\" style=\"object-fit:cover;\" srcset=\"https:\/\/www.leptitbain.org\/wp-content\/uploads\/2026\/02\/AIDES.png 1920w, https:\/\/www.leptitbain.org\/wp-content\/uploads\/2026\/02\/AIDES-300x145.png 300w, https:\/\/www.leptitbain.org\/wp-content\/uploads\/2026\/02\/AIDES-1024x493.png 1024w, https:\/\/www.leptitbain.org\/wp-content\/uploads\/2026\/02\/AIDES-768x370.png 768w, https:\/\/www.leptitbain.org\/wp-content\/uploads\/2026\/02\/AIDES-1536x740.png 1536w\" sizes=\"auto, (max-width: 1920px) 100vw, 1920px\" \/><\/figure><\/div>\n\n\n\n<div class=\"wp-block-column is-vertically-aligned-center is-layout-flow wp-block-column-is-layout-flow\">\n<p class=\"has-text-align-center has-blockme-white-color has-text-color\">AIDES intervient sur l&rsquo;ensemble du territoire aupr\u00e8s des personnes s\u00e9ropositives et des populations les plus vuln\u00e9rables au VIH et aux h\u00e9patites : les hommes ayant des relations sexuelles avec des hommes, les personnes d\u00e9tenues, les usagers-es de drogues, les personnes trans, les femmes, les personnes migrantes, les travailleurs-ses du sexe.<\/p>\n<\/div>\n<\/div>\n<\/div><\/div>\n\n\n\n<h3 class=\"wp-block-heading has-text-align-center has-custom-bleu-color has-text-color\">Concernant l&rsquo;immersion<\/h3>\n\n\n\n<hr class=\"wp-block-separator alignwide has-text-color has-alpha-channel-opacity has-background is-style-wide\" style=\"background-color:#2652a1;color:#2652a1\"\/>\n\n\n\n<div style=\"height:10px\" aria-hidden=\"true\" class=\"wp-block-spacer\"><\/div>\n\n\n\n<div class=\"wp-block-columns alignwide has-custom-bleu-color has-text-color is-layout-flex wp-container-core-columns-is-layout-28f84493 wp-block-columns-is-layout-flex\">\n<div class=\"wp-block-column is-vertically-aligned-center is-layout-flow wp-block-column-is-layout-flow\">\n<div class=\"wp-block-group is-vertical is-content-justification-center is-layout-flex wp-container-core-group-is-layout-ce155fab wp-block-group-is-layout-flex\">\n<h4 class=\"wp-block-heading has-text-align-center\">Public accueilli<\/h4>\n\n\n\n<p class=\"has-text-align-center\">AIDES accueille des personnes consommatrices de produits psychoactifs et\/ou des personnes en situation de pr\u00e9carit\u00e9 afin de les accompagner via le principe de R\u00e9duction des Risques (RDR).<\/p>\n<\/div>\n<\/div>\n\n\n\n<div class=\"wp-block-column is-vertically-aligned-center is-layout-flow wp-block-column-is-layout-flow\">\n<div class=\"wp-block-group is-vertical is-content-justification-center is-layout-flex wp-container-core-group-is-layout-ce155fab wp-block-group-is-layout-flex\">\n<h4 class=\"wp-block-heading has-text-align-center\">Capacit\u00e9 d&rsquo;accueil<\/h4>\n\n\n\n<p>1 personnes \/ immersion<\/p>\n<\/div>\n<\/div>\n\n\n\n<div class=\"wp-block-column is-vertically-aligned-center is-layout-flow wp-block-column-is-layout-flow\">\n<div class=\"wp-block-group is-vertical is-content-justification-center is-layout-flex wp-container-core-group-is-layout-ce155fab wp-block-group-is-layout-flex\">\n<h4 class=\"wp-block-heading\">Lieu<\/h4>\n\n\n\n<p>CAARUD de la Vienne 1 Bd Jeanne d&rsquo;Arc 86000 POITIERS<\/p>\n<\/div>\n<\/div>\n<\/div>\n\n\n\n<div style=\"height:10px\" aria-hidden=\"true\" class=\"wp-block-spacer\"><\/div>\n\n\n\n<div class=\"wp-block-columns are-vertically-aligned-top has-custom-bleu-color has-text-color is-layout-flex wp-container-core-columns-is-layout-28f84493 wp-block-columns-is-layout-flex\">\n<div class=\"wp-block-column is-vertically-aligned-top is-layout-flow wp-block-column-is-layout-flow\">\n<div class=\"wp-block-group is-vertical is-content-justification-center is-layout-flex wp-container-core-group-is-layout-ce155fab wp-block-group-is-layout-flex\">\n<h4 class=\"wp-block-heading\">Missions<\/h4>\n\n\n\n<ul class=\"wp-block-list has-custom-bleu-color has-text-color\">\n<li>Participer \u00e0 une permanence CAARUD au LM en pr\u00e9sence de militant-es salari\u00e9-es et b\u00e9n\u00e9voles<\/li>\n\n\n\n<li>accueil du public, orienter les personnes accueillies en fonction de leurs demandes (logement, d\u00e9marches administratives, etc.),<\/li>\n\n\n\n<li>participer aux entretiens et distribution du mat\u00e9riel de consommation \u00e0 moindre risque avec l&rsquo;accord de la personne accueillie.<\/li>\n<\/ul>\n<\/div>\n<\/div>\n\n\n\n<div class=\"wp-block-column is-vertically-aligned-top is-layout-flow wp-block-column-is-layout-flow\">\n<div class=\"wp-block-group is-vertical is-content-justification-center is-layout-flex wp-container-core-group-is-layout-ce155fab wp-block-group-is-layout-flex\">\n<h4 class=\"wp-block-heading has-text-align-center\">Dates propos\u00e9es<\/h4>\n\n\n\n<ul class=\"wp-block-list has-custom-bleu-color has-text-color\">\n<li><s>Jeudi 4 Juin 2026, de 13h30 \u00e0 17h<\/s><\/li>\n\n\n\n<li>Jeudi 24 Septembre 2026, de 13h30 \u00e0 17h<\/li>\n\n\n\n<li>Jeudi 19 Novembre 2026, de 13h30 \u00e0 17h<\/li>\n<\/ul>\n<\/div>\n<\/div>\n<\/div>\n\n\n\n<div style=\"height:10px\" aria-hidden=\"true\" class=\"wp-block-spacer\"><\/div>\n\n\n\n<div class=\"wp-block-buttons is-content-justification-center is-layout-flex wp-container-core-buttons-is-layout-a89b3969 wp-block-buttons-is-layout-flex\">\n<div class=\"wp-block-button has-custom-width wp-block-button__width-50\"><a class=\"wp-block-button__link has-custom-rouge-background-color has-background wp-element-button\" href=\"https:\/\/forms.gle\/N8NQ34464zhDFbQi6\" target=\"_blank\" rel=\"noreferrer noopener\">Plongez dans ce milieu !<\/a><\/div>\n<\/div>\n\n\n\n<div style=\"height:10px\" aria-hidden=\"true\" class=\"wp-block-spacer\"><\/div>\n\n\n\n<div class=\"wp-block-group alignwide has-blockme-white-color has-custom-bleu-background-color has-text-color has-background has-link-color wp-elements-1daa47bfe08f8b405a509cbdbb5f142f is-vertical is-content-justification-center is-layout-flex wp-container-core-group-is-layout-69d645f5 wp-block-group-is-layout-flex\" style=\"padding-top:var(--wp--preset--spacing--30);padding-right:var(--wp--preset--spacing--30);padding-bottom:var(--wp--preset--spacing--30);padding-left:var(--wp--preset--spacing--30)\">\n<h4 class=\"wp-block-heading has-blockme-white-color has-text-color\">Contact<\/h4>\n\n\n\n<p><a href=\"mailto:cherif.bassene@croix-rouge.fr\" target=\"_blank\" rel=\"noreferrer noopener\">shulin@aides.org<\/a><\/p>\n<\/div>\n\n\n\n<p><\/p>\n","protected":false},"excerpt":{"rendered":"<p>AIDES intervient sur l&rsquo;ensemble du territoire aupr\u00e8s des personnes s\u00e9ropositives et des populations les plus vuln\u00e9rables au VIH et aux h\u00e9patites : les hommes ayant des relations sexuelles avec des hommes, les personnes d\u00e9tenues, les usagers-es de drogues, les personnes trans, les femmes, les personnes migrantes, les travailleurs-ses du sexe.<\/p>\n","protected":false},"author":1,"featured_media":988,"comment_status":"closed","ping_status":"open","sticky":false,"template":"","format":"standard","meta":{"footnotes":""},"categories":[1],"tags":[],"class_list":["post-1001","post","type-post","status-publish","format-standard","has-post-thumbnail","hentry","category-non-classe"],"_links":{"self":[{"href":"https:\/\/www.leptitbain.org\/index.php?rest_route=\/wp\/v2\/posts\/1001","targetHints":{"allow":["GET"]}}],"collection":[{"href":"https:\/\/www.leptitbain.org\/index.php?rest_route=\/wp\/v2\/posts"}],"about":[{"href":"https:\/\/www.leptitbain.org\/index.php?rest_route=\/wp\/v2\/types\/post"}],"author":[{"embeddable":true,"href":"https:\/\/www.leptitbain.org\/index.php?rest_route=\/wp\/v2\/users\/1"}],"replies":[{"embeddable":true,"href":"https:\/\/www.leptitbain.org\/index.php?rest_route=%2Fwp%2Fv2%2Fcomments&post=1001"}],"version-history":[{"count":7,"href":"https:\/\/www.leptitbain.org\/index.php?rest_route=\/wp\/v2\/posts\/1001\/revisions"}],"predecessor-version":[{"id":1051,"href":"https:\/\/www.leptitbain.org\/index.php?rest_route=\/wp\/v2\/posts\/1001\/revisions\/1051"}],"wp:featuredmedia":[{"embeddable":true,"href":"https:\/\/www.leptitbain.org\/index.php?rest_route=\/wp\/v2\/media\/988"}],"wp:attachment":[{"href":"https:\/\/www.leptitbain.org\/index.php?rest_route=%2Fwp%2Fv2%2Fmedia&parent=1001"}],"wp:term":[{"taxonomy":"category","embeddable":true,"href":"https:\/\/www.leptitbain.org\/index.php?rest_route=%2Fwp%2Fv2%2Fcategories&post=1001"},{"taxonomy":"post_tag","embeddable":true,"href":"https:\/\/www.leptitbain.org\/index.php?rest_route=%2Fwp%2Fv2%2Ftags&post=1001"}],"curies":[{"name":"wp","href":"https:\/\/api.w.org\/{rel}","templated":true}]}}